[{"@context":"https:\/\/schema.org\/","@type":"Article","@id":"https:\/\/www.jifas.cz\/sklenik-na-zahrade\/#Article","mainEntityOfPage":"https:\/\/www.jifas.cz\/sklenik-na-zahrade\/","headline":"Sklen\u00edk na zahrad\u011b","name":"Sklen\u00edk na zahrad\u011b","description":"Sklen\u00edk na zahrad\u011b. To nen\u00ed jen kus konstrukce pokryt\u00fd sklem nebo f\u00f3li\u00ed. Je to mal\u00fd z\u00e1zrak. Sv\u011bt, kter\u00fd si tvo\u0159\u00edte podle sebe. M\u00edsto, kde i uprost\u0159ed zimy c\u00edt\u00edte v\u016fni hl\u00edny, kde se v\u0161echno zelen\u00e1, i kdy\u017e venku fi\u010d\u00ed studen\u00fd v\u00edtr. Mo\u017en\u00e1 o n\u011bm zat\u00edm jen sn\u00edte. Mo\u017en\u00e1 si \u0159\u00edk\u00e1te, jestli to za to stoj\u00ed. \u0158eknu [&hellip;]","datePublished":"2024-04-29","dateModified":"2024-04-29","author":{"@type":"Person","@id":"https:\/\/www.jifas.cz\/author\/#Person","name":"","url":"https:\/\/www.jifas.cz\/author\/","identifier":1,"image":{"@type":"ImageObject","@id":"https:\/\/secure.gravatar.com\/avatar\/c36ac855b1ee9cce96e09824fb5426d6eaccd04233fbf51e04e067ccd1b5fe13?s=96&d=mm&r=g","url":"https:\/\/secure.gravatar.com\/avatar\/c36ac855b1ee9cce96e09824fb5426d6eaccd04233fbf51e04e067ccd1b5fe13?s=96&d=mm&r=g","height":96,"width":96}},"publisher":{"@type":"Organization","name":"jifas.cz","logo":{"@type":"ImageObject","@id":"\/logo.png","url":"\/logo.png","width":600,"height":60}},"image":{"@type":"ImageObject","@id":"https:\/\/www.jifas.cz\/wp-content\/uploads\/greenhouse-827464_640%20(1)_1.jpg","url":"https:\/\/www.jifas.cz\/wp-content\/uploads\/greenhouse-827464_640%20(1)_1.jpg","height":0,"width":0},"url":"https:\/\/www.jifas.cz\/sklenik-na-zahrade\/","about":["Zahrada a d\u016fm"],"wordCount":409,"articleBody":"Sklen\u00edk na zahrad\u011b. To nen\u00ed jen kus konstrukce pokryt\u00fd sklem nebo f\u00f3li\u00ed. Je to mal\u00fd z\u00e1zrak. Sv\u011bt, kter\u00fd si tvo\u0159\u00edte podle sebe. M\u00edsto, kde i uprost\u0159ed zimy c\u00edt\u00edte v\u016fni hl\u00edny, kde se v\u0161echno zelen\u00e1, i kdy\u017e venku fi\u010d\u00ed studen\u00fd v\u00edtr. Mo\u017en\u00e1 o n\u011bm zat\u00edm jen sn\u00edte. Mo\u017en\u00e1 si \u0159\u00edk\u00e1te, jestli to za to stoj\u00ed. \u0158eknu v\u00e1m jedno, stoj\u00ed. P\u0159edstavte si ten pocit, kdy\u017e si v lednu utrhnete vlastn\u00ed k\u0159upav\u00fd sal\u00e1t. Kdy\u017e v\u00e1m na ja\u0159e dozr\u00e1vaj\u00ed raj\u010data, kter\u00e1 opravdu chutnaj\u00ed jako raj\u010data &#8211; sladk\u00e1, \u0161\u0165avnat\u00e1, vo\u0148av\u00e1. Kdy\u017e rukama prohr\u00e1bnete hl\u00ednu a v\u00edte, \u017ee tohle v\u0161echno je va\u0161e pr\u00e1ce, v\u00e1\u0161 kousek p\u0159\u00edrody. To nen\u00ed jen zahradni\u010den\u00ed.To je n\u011bco mnohem v\u00edc. Nejlep\u0161\u00ed je, vz\u00edt si tu \u010derstvou zeleninu. \u010cerstv\u00e1 raj\u010d\u00e1tka, papriku, nebo okurku. M\u0148am. Sklen\u00edk je kouzlo, kter\u00e9 prodlu\u017euje sez\u00f3nu. Kdy\u017e ostatn\u00ed teprve d\u00e1vaj\u00ed prvn\u00ed sem\u00ednka do zem\u011b, vy u\u017e skl\u00edz\u00edte. Kdy\u017e na podzim zahrada pomalu us\u00edn\u00e1, uvnit\u0159 sklen\u00edku to po\u0159\u00e1d \u017eije. A i kdy\u017e venku mrzne, vejdete dovnit\u0159, nadechnete se a c\u00edt\u00edte to zvl\u00e1\u0161tn\u00ed, vlhk\u00e9 teplo, kter\u00e9 \u0159\u00edk\u00e1: tady se roste, tady se tvo\u0159\u00ed. Ale v\u00edte, co je na tom mo\u017en\u00e1 nejlep\u0161\u00ed? Sklen\u00edk nen\u00ed jen o zelenin\u011b. Je to \u00fato\u010di\u0161t\u011b. M\u00edsto, kde na chv\u00edli zmiz\u00ed stres. Kde se m\u016f\u017eete schovat p\u0159ed sv\u011btem, posadit se mezi rostliny a jen tak b\u00fdt.Poslouchat jemn\u00e9 \u0161ust\u011bn\u00ed list\u016f, c\u00edtit v\u016fni bazalky, sledovat, jak kapky vody st\u00e9kaj\u00ed po skle. I kdy\u017e venku lije, tady je kousek jara. A v\u00edte co? Nemus\u00edte m\u00edt ob\u0159\u00ed sklen\u011bnou katedr\u00e1lu. Sta\u010d\u00ed mal\u00fd f\u00f3liovn\u00edk, p\u00e1r truhl\u00edk\u016f, kousek prostoru, kde si vytvo\u0159\u00edte sv\u016fj vlastn\u00ed mal\u00fd sv\u011bt. I p\u00e1r bylinek, p\u00e1r paprik dok\u00e1\u017ee p\u0159in\u00e9st radost. A ten pocit, kdy\u017e ochutn\u00e1te prvn\u00ed \u00farodu? Nepopsateln\u00fd. Tak co? Jdete do toho? Proto\u017ee a\u017e si jednou utrhnete svoje prvn\u00ed raj\u010de, a\u017e si mezi prsty promnete vlastn\u00ed tymi\u00e1n a uc\u00edt\u00edte tu omamnou v\u016fni\u2026 pochop\u00edte. A \u0159eknete si: pro\u010d jsem to neud\u011blal u\u017e d\u00e1vno? Tak co jdete do toho? J\u00e1 ano!                                                                                                                                                                                                                                                                                                                                                                                        4.6\/5 - (7 votes)        "},{"@context":"https:\/\/schema.org\/","@type":"BreadcrumbList","itemListElement":[{"@type":"ListItem","position":1,"name":"Sklen\u00edk na zahrad\u011b","item":"https:\/\/www.jifas.cz\/sklenik-na-zahrade\/#breadcrumbitem"}]}]