[{"@context":"https:\/\/schema.org\/","@type":"Article","@id":"https:\/\/www.jifas.cz\/proc-je-velke-vymirani-druhu-problemem\/#Article","mainEntityOfPage":"https:\/\/www.jifas.cz\/proc-je-velke-vymirani-druhu-problemem\/","headline":"Pro\u010d je velk\u00e9 vym\u00edr\u00e1n\u00ed druh\u016f probl\u00e9mem","name":"Pro\u010d je velk\u00e9 vym\u00edr\u00e1n\u00ed druh\u016f probl\u00e9mem","description":"Nen&Atilde;&shy; pochyb o tom, &Aring;&frac34;e v&Acirc;&nbsp;sou&Auml;asn&Atilde;&copy; dob&Auml;&#8250; doch&Atilde;&iexcl;z&Atilde;&shy; k&Acirc;&nbsp;velk&Atilde;&frac12;m zm&Auml;&#8250;n&Atilde;&iexcl;m klimatu. Ty v&Aring;&iexcl;ak mimo jin&Atilde;&copy; tak&Atilde;&copy; znamenaj&Atilde;&shy; rapidn&Atilde;&shy; &Atilde;&ordm;bytek &Aring;&frac34;ivo&Auml;i&Aring;&iexcl;n&Atilde;&frac12;ch druh&Aring;&macr;. Ji&Aring;&frac34; nyn&Atilde;&shy; se hovo&Aring;&#8482;&Atilde;&shy; o tom, &Aring;&frac34;e se nach&Atilde;&iexcl;z&Atilde;&shy;me v&Acirc;&nbsp;epo&Aring;&iexcl;e dal&Aring;&iexcl;&Atilde;&shy;ho velk&Atilde;&copy;ho vym&Atilde;&shy;r&Atilde;&iexcl;n&Atilde;&shy;. To znamen&Atilde;&iexcl;, &Aring;&frac34;e &Aring;&frac34;ivo&Auml;i&Aring;&iexcl;n&Atilde;&copy; druhy miz&Atilde;&shy; mnohem rychlej&Aring;&iexcl;&Atilde;&shy;m tempem ne&Aring;&frac34; v&Acirc;&nbsp;minulosti, s&Acirc;&nbsp;v&Atilde;&frac12;jimkou ur&Auml;it&Atilde;&frac12;ch obdob&Atilde;&shy;. &Acirc;&nbsp; Samoz&Aring;&#8482;ejm&Auml;&#8250; zde p&Aring;&macr;sob&Atilde;&shy; v&Atilde;&shy;ce vliv&Aring;&macr;, ne&Aring;&frac34; [&hellip;]","datePublished":"2022-12-24","dateModified":"2023-11-25","author":{"@type":"Person","@id":"https:\/\/www.jifas.cz\/author\/#Person","name":"","url":"https:\/\/www.jifas.cz\/author\/","identifier":1,"image":{"@type":"ImageObject","@id":"https:\/\/secure.gravatar.com\/avatar\/c36ac855b1ee9cce96e09824fb5426d6eaccd04233fbf51e04e067ccd1b5fe13?s=96&d=mm&r=g","url":"https:\/\/secure.gravatar.com\/avatar\/c36ac855b1ee9cce96e09824fb5426d6eaccd04233fbf51e04e067ccd1b5fe13?s=96&d=mm&r=g","height":96,"width":96}},"publisher":{"@type":"Organization","name":"jifas.cz","logo":{"@type":"ImageObject","@id":"\/logo.png","url":"\/logo.png","width":600,"height":60}},"image":{"@type":"ImageObject","@id":"https:\/\/www.jifas.cz\/wp-content\/uploads\/priroda1.jpg","url":"https:\/\/www.jifas.cz\/wp-content\/uploads\/priroda1.jpg","height":0,"width":0},"url":"https:\/\/www.jifas.cz\/proc-je-velke-vymirani-druhu-problemem\/","about":["V\u011bda"],"wordCount":870,"articleBody":"Nen&Atilde;&shy; pochyb o tom, &Aring;&frac34;e v&Acirc;&nbsp;sou&Auml;asn&Atilde;&copy; dob&Auml;&#8250; doch&Atilde;&iexcl;z&Atilde;&shy; k&Acirc;&nbsp;velk&Atilde;&frac12;m zm&Auml;&#8250;n&Atilde;&iexcl;m klimatu. Ty v&Aring;&iexcl;ak mimo jin&Atilde;&copy; tak&Atilde;&copy; znamenaj&Atilde;&shy; rapidn&Atilde;&shy; &Atilde;&ordm;bytek &Aring;&frac34;ivo&Auml;i&Aring;&iexcl;n&Atilde;&frac12;ch druh&Aring;&macr;. Ji&Aring;&frac34; nyn&Atilde;&shy; se hovo&Aring;&#8482;&Atilde;&shy; o tom, &Aring;&frac34;e se nach&Atilde;&iexcl;z&Atilde;&shy;me v&Acirc;&nbsp;epo&Aring;&iexcl;e dal&Aring;&iexcl;&Atilde;&shy;ho velk&Atilde;&copy;ho vym&Atilde;&shy;r&Atilde;&iexcl;n&Atilde;&shy;. To znamen&Atilde;&iexcl;, &Aring;&frac34;e &Aring;&frac34;ivo&Auml;i&Aring;&iexcl;n&Atilde;&copy; druhy miz&Atilde;&shy; mnohem rychlej&Aring;&iexcl;&Atilde;&shy;m tempem ne&Aring;&frac34; v&Acirc;&nbsp;minulosti, s&Acirc;&nbsp;v&Atilde;&frac12;jimkou ur&Auml;it&Atilde;&frac12;ch obdob&Atilde;&shy;.&Acirc;&nbsp;Samoz&Aring;&#8482;ejm&Auml;&#8250; zde p&Aring;&macr;sob&Atilde;&shy; v&Atilde;&shy;ce vliv&Aring;&macr;, ne&Aring;&frac34; jen zm&Auml;&#8250;na klimatu, a&Auml;koliv i ta se zna&Auml;n&Auml;&#8250; projevuje. P&Aring;&#8482;&Atilde;&shy;rodn&Atilde;&shy; podm&Atilde;&shy;nky se m&Auml;&#8250;n&Atilde;&shy; rychleji, ne&Aring;&frac34; se jim m&Atilde;&shy;stn&Atilde;&shy; flora a fauna sta&Auml;&Atilde;&shy; p&Aring;&#8482;izp&Aring;&macr;sobovat. Nakonec tedy vyhynou. Jist&Auml;&#8250;, n&Auml;&#8250;kdy &Aring;&frac34;ivo&Auml;ichov&Atilde;&copy; migruj&Atilde;&shy; do p&Aring;&#8482;&Atilde;&shy;hodn&Auml;&#8250;j&Aring;&iexcl;&Atilde;&shy;ch podm&Atilde;&shy;nek, co&Aring;&frac34; je mimo jin&Atilde;&copy; tak&Atilde;&copy; d&Aring;&macr;vod, pro&Auml; se i u n&Atilde;&iexcl;s ji&Aring;&frac34; dnes nach&Atilde;&iexcl;z&Atilde;&shy; druhy, kter&Atilde;&copy; byly d&Aring;&#8482;&Atilde;&shy;ve pouze ve st&Aring;&#8482;edomo&Aring;&#8482;&Atilde;&shy;.&Acirc;&nbsp;&Acirc;&nbsp;Jist&Auml;&#8250;, m&Aring;&macr;&Aring;&frac34;eme si &Aring;&#8482;&Atilde;&shy;ci, &Aring;&frac34;e pro lidi to p&Aring;&#8482;&Atilde;&shy;li&Aring;&iexcl; neznamen&Atilde;&iexcl;. Koneckonc&Aring;&macr;, n&Atilde;&iexcl;&Aring;&iexcl; &Aring;&frac34;ivot p&Aring;&#8482;&Atilde;&shy;li&Aring;&iexcl; neovlivn&Atilde;&shy;, pokud bude o n&Auml;&#8250;jak&Atilde;&frac12; ten druh m&Atilde;&copy;n&Auml;&#8250;. Jist&Auml;&#8250;, je to sice smutn&Atilde;&copy;, av&Aring;&iexcl;ak pro n&Atilde;&iexcl;s jako &Aring;&frac34;ivo&Auml;i&Aring;&iexcl;n&Atilde;&frac12; druh to p&Aring;&#8482;&Atilde;&shy;li&Aring;&iexcl; neznamen&Atilde;&iexcl;. Nebo ano?&Acirc;&nbsp;Ve skute&Auml;nosti p&Aring;&#8482;edstavuje &Atilde;&ordm;bytek &Aring;&frac34;ivo&Auml;ich&Aring;&macr; mnohem v&Auml;&#8250;t&Aring;&iexcl;&Atilde;&shy; probl&Atilde;&copy;m, ne&Aring;&frac34; si v&Auml;&#8250;t&Aring;&iexcl;inou dok&Atilde;&iexcl;&Aring;&frac34;eme p&Aring;&#8482;edstavit. Je pot&Aring;&#8482;eba si uv&Auml;&#8250;domit, &Aring;&frac34;e cel&Atilde;&iexcl; p&Aring;&#8482;&Atilde;&shy;roda je propojen&Atilde;&iexcl;, a jeden chyb&Auml;&#8250;j&Atilde;&shy;c&Atilde;&shy; &Auml;l&Atilde;&iexcl;nek m&Aring;&macr;&Aring;&frac34;e zp&Aring;&macr;sobit v&Acirc;&nbsp;podstat&Auml;&#8250; kask&Atilde;&iexcl;dov&Atilde;&frac12; efekt.&Acirc;&nbsp;&Acirc;&nbsp;Velmi dobr&Atilde;&frac12;m p&Aring;&#8482;&Atilde;&shy;kladem jsou zde v&Auml;ely. Na nich z&Atilde;&iexcl;vis&Atilde;&shy; valn&Atilde;&iexcl; &Auml;&Atilde;&iexcl;st produkce. Av&Aring;&iexcl;ak vzhledem k&Acirc;&nbsp;m&Auml;&#8250;n&Atilde;&shy;c&Atilde;&shy;mu se klimatu a tedy i &Atilde;&ordm;bytku p&Aring;&#8482;irozen&Atilde;&copy; vegetace maj&Atilde;&shy; nedostatek potravin. Ty, kter&Atilde;&copy; pou&Aring;&frac34;&Atilde;&shy;vaj&Atilde;&shy; lid&Atilde;&copy;, toti&Aring;&frac34; kvetou pouze v&Acirc;&nbsp;jednu dobu. Po zbytek roku tedy nemaj&Atilde;&shy; potravu. Samoz&Aring;&#8482;ejm&Auml;&#8250;, je mo&Aring;&frac34;n&Atilde;&copy; p&Aring;&#8482;ikrmov&Atilde;&iexcl;n&Atilde;&shy;, av&Aring;&iexcl;ak to potravu pln&Auml;&#8250; nenahrad&Atilde;&shy;.&Acirc;&nbsp;Je tedy zcela mo&Aring;&frac34;n&Atilde;&copy;, &Aring;&frac34;e pokud by jim lid&Atilde;&copy; nepom&Atilde;&iexcl;hali, v&Auml;ely by ji&Aring;&frac34; d&Atilde;&iexcl;vno neexistovaly. A i s&Acirc;&nbsp;jejich pomoc&Atilde;&shy; to nevypad&Atilde;&iexcl; dob&Aring;&#8482;e. Pokud by v&Aring;&iexcl;ak vym&Aring;&#8482;ely, zp&Aring;&macr;sobilo by to nedostatek potravin, kter&Atilde;&frac12; by mohl v&Atilde;&copy;st a&Aring;&frac34; k&Acirc;&nbsp;celosv&Auml;&#8250;tov&Atilde;&copy;mu hladomoru. A to je n&Auml;&#8250;co, co si nikdo z&Acirc;&nbsp;n&Atilde;&iexcl;s ani nedovede p&Aring;&#8482;edstavit.&Acirc;&nbsp;P&Aring;&#8482;&Atilde;&shy;rodu bychom tedy m&Auml;&#8250;li chr&Atilde;&iexcl;nit nejen pro ni samotnou, ale tak&Atilde;&copy; pro n&Atilde;&iexcl;s samotn&Atilde;&copy;. Jsme na n&Atilde;&shy; toti&Aring;&frac34; mnohem z&Atilde;&iexcl;vislej&Aring;&iexcl;&Atilde;&shy;, ne&Aring;&frac34; si mysl&Atilde;&shy;me.                                                                                                                                                                                                                                                                                                                                                                                        4.2\/5 - (5 votes)        "},{"@context":"https:\/\/schema.org\/","@type":"BreadcrumbList","itemListElement":[{"@type":"ListItem","position":1,"name":"Pro\u010d je velk\u00e9 vym\u00edr\u00e1n\u00ed druh\u016f probl\u00e9mem","item":"https:\/\/www.jifas.cz\/proc-je-velke-vymirani-druhu-problemem\/#breadcrumbitem"}]}]