[{"@context":"https:\/\/schema.org\/","@type":"Article","@id":"https:\/\/www.jifas.cz\/podle-vasich-predstav\/#Article","mainEntityOfPage":"https:\/\/www.jifas.cz\/podle-vasich-predstav\/","headline":"Podle Va\u0161ich p\u0159edstav","name":"Podle Va\u0161ich p\u0159edstav","description":"Cht\u011bli byste m\u00edt tu nejkr\u00e1sn\u011bj\u0161\u00ed svatbu pod sluncem, jak\u00e1 se kdy v\u016fbec konala? Tolik byste si p\u0159\u00e1li, aby byla Va\u0161e svatba na z\u00e1mku? Pro\u010d ne, to bude ur\u010dit\u011b mo\u017en\u00e9! Obra\u0165te se s d\u016fv\u011brou na n\u00e1s a m\u016f\u017eete se t\u011b\u0161it na skv\u011blou svatbu, na kterou nezapomenete. Svatba na z\u00e1mku je v dne\u0161n\u00ed dob\u011b velice popul\u00e1rn\u00ed a [&hellip;]","datePublished":"2024-04-03","dateModified":"2024-04-03","author":{"@type":"Person","@id":"https:\/\/www.jifas.cz\/author\/#Person","name":"","url":"https:\/\/www.jifas.cz\/author\/","identifier":1,"image":{"@type":"ImageObject","@id":"https:\/\/secure.gravatar.com\/avatar\/c36ac855b1ee9cce96e09824fb5426d6eaccd04233fbf51e04e067ccd1b5fe13?s=96&d=mm&r=g","url":"https:\/\/secure.gravatar.com\/avatar\/c36ac855b1ee9cce96e09824fb5426d6eaccd04233fbf51e04e067ccd1b5fe13?s=96&d=mm&r=g","height":96,"width":96}},"publisher":{"@type":"Organization","name":"jifas.cz","logo":{"@type":"ImageObject","@id":"\/logo.png","url":"\/logo.png","width":600,"height":60}},"url":"https:\/\/www.jifas.cz\/podle-vasich-predstav\/","wordCount":274,"articleBody":"Cht\u011bli byste m\u00edt tu nejkr\u00e1sn\u011bj\u0161\u00ed svatbu pod sluncem, jak\u00e1 se kdy v\u016fbec konala? Tolik byste si p\u0159\u00e1li, aby byla Va\u0161e svatba na z\u00e1mku? Pro\u010d ne, to bude ur\u010dit\u011b mo\u017en\u00e9! Obra\u0165te se s d\u016fv\u011brou na n\u00e1s a m\u016f\u017eete se t\u011b\u0161it na skv\u011blou svatbu, na kterou nezapomenete. Svatba na z\u00e1mku je v dne\u0161n\u00ed dob\u011b velice popul\u00e1rn\u00ed a to nejen v na\u0161\u00ed republice, ale i po cel\u00e9m sv\u011bt\u011b. Bu\u010fte tedy tak\u00e9 sv\u011btov\u00ed a \u0159ekn\u011bte si sv\u00e9 ano pr\u00e1vn\u011b v z\u00e1meck\u00e9 zahrad\u011b anebo v n\u011bkter\u00e9m ze z\u00e1meck\u00fdch s\u00e1l\u016f! Pokud byste cht\u011bli zjistit v\u00edce informac\u00ed, nev\u00e1hejte a napi\u0161te n\u00e1m \u010di zatelefonujte na kontakty, kter\u00e9 jsou uvedeny na na\u0161ich internetov\u00fdch str\u00e1nk\u00e1ch.Skv\u011bl\u00e1 nab\u00eddkaChcete za\u017e\u00edt skute\u010dnou romantiku v kr\u00e1sn\u00fdch labyrintech a zahrad\u00e1ch z\u00e1mku? Pak si tedy domluvte svatbu na z\u00e1mku pr\u00e1v\u011b u n\u00e1s, proto\u017ee jedin\u011b tak se do\u010dk\u00e1te nejkr\u00e1sn\u011bj\u0161\u00edho z\u00e1\u017eitku ve sv\u00e9m v\u00fdjime\u010dn\u00e9m dni. Pokud budete m\u00edt z\u00e1jem, m\u016f\u017eete si u n\u00e1s objednat tak\u00e9 hostinu a ubytov\u00e1n\u00ed, abyste si mohli sv\u016fj den u\u017e\u00edt p\u011bkn\u011b cel\u00fd v z\u00e1meck\u00e9m stylu. Sta\u010d\u00ed se jen domluvit na term\u00ednu a Va\u0161ich po\u017eadavc\u00edch. M\u016f\u017eete n\u00e1s kontaktovat sami, anebo si zadat dobu, kdy by se V\u00e1m hodil telefon\u00e1t a my V\u00e1s budeme kontaktovat.                                                                                                                                                                                                                                                                                                                                                                                        3.8\/5 - (6 votes)        "},{"@context":"https:\/\/schema.org\/","@type":"BreadcrumbList","itemListElement":[{"@type":"ListItem","position":1,"name":"Podle Va\u0161ich p\u0159edstav","item":"https:\/\/www.jifas.cz\/podle-vasich-predstav\/#breadcrumbitem"}]}]