[{"@context":"https:\/\/schema.org\/","@type":"Article","@id":"https:\/\/www.jifas.cz\/nekteri-jezdi-jen-s-autoskly-praha\/#Article","mainEntityOfPage":"https:\/\/www.jifas.cz\/nekteri-jezdi-jen-s-autoskly-praha\/","headline":"N\u011bkte\u0159\u00ed jezd\u00ed jen s autoskly Praha","name":"N\u011bkte\u0159\u00ed jezd\u00ed jen s autoskly Praha","description":"Autoskla Praha &#8211; dnes ji\u017e samoz\u0159ejmost\u00ed Jsme autosklo Praha, jsme spole\u010dnost\u00ed, kter\u00e1 v\u00e1m nab\u00edz\u00ed mnoho slu\u017eeb, kter\u00e9 pro sv\u00e9 auto m\u016f\u017eete pot\u0159ebovat. Jsme p\u0159edev\u0161\u00edm profesion\u00e1lov\u00e9, kte\u0159\u00ed svou pr\u00e1ci maj\u00ed r\u00e1di a kte\u0159\u00ed v\u00e1m vyjdou maxim\u00e1ln\u011b vst\u0159\u00edc. Autoskla Praha osln\u00ed leskem Va\u0161i \u017eenu Autosklo Praha v\u00e1m nenab\u00edz\u00ed pouze v\u00fdm\u011bnu autoskel, ale nab\u00edz\u00edme v\u00e1m mnoho slu\u017eeb nav\u00edc. [&hellip;]","datePublished":"2025-03-12","dateModified":"2025-03-12","author":{"@type":"Person","@id":"https:\/\/www.jifas.cz\/author\/#Person","name":"","url":"https:\/\/www.jifas.cz\/author\/","identifier":1,"image":{"@type":"ImageObject","@id":"https:\/\/secure.gravatar.com\/avatar\/c36ac855b1ee9cce96e09824fb5426d6eaccd04233fbf51e04e067ccd1b5fe13?s=96&d=mm&r=g","url":"https:\/\/secure.gravatar.com\/avatar\/c36ac855b1ee9cce96e09824fb5426d6eaccd04233fbf51e04e067ccd1b5fe13?s=96&d=mm&r=g","height":96,"width":96}},"publisher":{"@type":"Organization","name":"jifas.cz","logo":{"@type":"ImageObject","@id":"\/logo.png","url":"\/logo.png","width":600,"height":60}},"url":"https:\/\/www.jifas.cz\/nekteri-jezdi-jen-s-autoskly-praha\/","wordCount":190,"articleBody":"Autoskla Praha &#8211; dnes ji\u017e samoz\u0159ejmost\u00edJsme autosklo Praha, jsme spole\u010dnost\u00ed, kter\u00e1 v\u00e1m nab\u00edz\u00ed mnoho slu\u017eeb, kter\u00e9 pro sv\u00e9 auto m\u016f\u017eete pot\u0159ebovat. Jsme p\u0159edev\u0161\u00edm profesion\u00e1lov\u00e9, kte\u0159\u00ed svou pr\u00e1ci maj\u00ed r\u00e1di a kte\u0159\u00ed v\u00e1m vyjdou maxim\u00e1ln\u011b vst\u0159\u00edc.Autoskla Praha osln\u00ed leskem Va\u0161i \u017eenuAutosklo Praha v\u00e1m nenab\u00edz\u00ed pouze v\u00fdm\u011bnu autoskel, ale nab\u00edz\u00edme v\u00e1m mnoho slu\u017eeb nav\u00edc. U n\u00e1s nap\u0159\u00edklad nemus\u00edte m\u00edt starosti s nahl\u00e1\u0161en\u00edm a vy\u0159\u00edzen\u00edm pojistn\u00e9 ud\u00e1losti, co\u017e velice r\u00e1di ud\u011bl\u00e1me za v\u00e1s. D\u00e1le v\u00e1m jsme v autosklo Praha schopni zajistit mont\u00e1\u017e parkovac\u00edho asistenta, opravy autoskel sadou Glass-repair, co\u017e je velice modern\u00ed a spolehliv\u00fd syst\u00e9m.Nov\u00e9 sklo od n\u00e1s je va\u0161e spokojenostPokud si po\u0159\u00edd\u00edte nov\u00e9 sklo od na\u0161\u00ed spole\u010dnosti nebo vyu\u017eijete jin\u00fdch na\u0161ich slu\u017eeb, ur\u010dit\u011b budete spokojeni a v\u011b\u0159\u00edme, \u017ee se k n\u00e1m i v budoucnu pro vyu\u017eit\u00ed na\u0161ich slu\u017eeb vr\u00e1t\u00edte.                                                                                                                                                                                                                                                                                                                                                                                                "},{"@context":"https:\/\/schema.org\/","@type":"BreadcrumbList","itemListElement":[{"@type":"ListItem","position":1,"name":"N\u011bkte\u0159\u00ed jezd\u00ed jen s autoskly Praha","item":"https:\/\/www.jifas.cz\/nekteri-jezdi-jen-s-autoskly-praha\/#breadcrumbitem"}]}]