[{"@context":"https:\/\/schema.org\/","@type":"Article","@id":"https:\/\/www.jifas.cz\/kdo-by-rad-uklizel\/#Article","mainEntityOfPage":"https:\/\/www.jifas.cz\/kdo-by-rad-uklizel\/","headline":"Kdo by r\u00e1d ukl\u00edzel?","name":"Kdo by r\u00e1d ukl\u00edzel?","description":"Ka\u017ed\u00fd z n\u00e1s doma b\u011b\u017en\u011b prov\u00e1d\u00ed \u00faklid. Nen\u00ed to obl\u00edben\u00e1 \u010dinnost pro v\u011bt\u0161inu z n\u00e1s, i kdy\u017e se najdou v\u00fdjimky, kte\u0159\u00ed \u00faklid p\u0159\u00edmo miluj\u00ed a tak d\u011bl\u00e1me \u00faklid jako povinnost, kter\u00e1 zbav\u00ed na\u0161i dom\u00e1cnost prachu a jednou za \u010das ud\u011bl\u00e1me velk\u00fd \u00faklid, to kdy\u017e se bl\u00ed\u017e\u00ed V\u00e1noce, Velikonoce nebo n\u00e1v\u0161t\u011bva tch\u00fdn\u011b. Ale nejen na\u0161e dom\u00e1cnost [&hellip;]","datePublished":"2023-10-13","dateModified":"2023-11-13","author":{"@type":"Person","@id":"https:\/\/www.jifas.cz\/author\/#Person","name":"","url":"https:\/\/www.jifas.cz\/author\/","identifier":1,"image":{"@type":"ImageObject","@id":"https:\/\/secure.gravatar.com\/avatar\/c36ac855b1ee9cce96e09824fb5426d6eaccd04233fbf51e04e067ccd1b5fe13?s=96&d=mm&r=g","url":"https:\/\/secure.gravatar.com\/avatar\/c36ac855b1ee9cce96e09824fb5426d6eaccd04233fbf51e04e067ccd1b5fe13?s=96&d=mm&r=g","height":96,"width":96}},"publisher":{"@type":"Organization","name":"jifas.cz","logo":{"@type":"ImageObject","@id":"\/logo.png","url":"\/logo.png","width":600,"height":60}},"image":{"@type":"ImageObject","@id":"https:\/\/www.jifas.cz\/wp-content\/uploads\/pexels-polina-tankilevitch-4440533_1.jpg","url":"https:\/\/www.jifas.cz\/wp-content\/uploads\/pexels-polina-tankilevitch-4440533_1.jpg","height":0,"width":0},"url":"https:\/\/www.jifas.cz\/kdo-by-rad-uklizel\/","about":["Podnik\u00e1n\u00ed"],"wordCount":395,"articleBody":"        Ka\u017ed\u00fd z n\u00e1s doma b\u011b\u017en\u011b prov\u00e1d\u00ed \u00faklid. Nen\u00ed to obl\u00edben\u00e1 \u010dinnost pro v\u011bt\u0161inu z n\u00e1s, i kdy\u017e se najdou v\u00fdjimky, kte\u0159\u00ed \u00faklid p\u0159\u00edmo miluj\u00ed a tak d\u011bl\u00e1me \u00faklid jako povinnost, kter\u00e1 zbav\u00ed na\u0161i dom\u00e1cnost prachu a jednou za \u010das ud\u011bl\u00e1me velk\u00fd \u00faklid, to kdy\u017e se bl\u00ed\u017e\u00ed V\u00e1noce, Velikonoce nebo n\u00e1v\u0161t\u011bva tch\u00fdn\u011b. Ale nejen na\u0161e dom\u00e1cnost pot\u0159ebuje uklidit. I na\u0161e pracovi\u0161t\u011b, a\u0165 je to obchodn\u00ed d\u016fm, kancel\u00e1\u0159 nebo v\u00fdrobn\u00ed hala, tam v\u0161ude mus\u00ed prob\u00edhat pravideln\u00fd \u00faklid. Ve v\u00fdrobn\u00edch hal\u00e1ch je d\u016fvod k \u00faklidu i bezpe\u010dnost pracovn\u00edk\u016f, ale t\u0159eba v kancel\u00e1\u0159\u00edch, tam jde i o presti\u017e. M\u00e1te ve firm\u011b reprezentativn\u00ed prostory? Nejen sal\u00f3nek, kde prob\u00edhaj\u00ed va\u0161e obchodn\u00ed jedn\u00e1n\u00ed, ale t\u0159eba i m\u00edstnosti, kde p\u0159edv\u00e1d\u00edte sv\u00e9 v\u00fdrobky? Takovou men\u0161\u00ed v\u00fdstavn\u00ed s\u00ed\u0148, kde m\u00e1te vystaven\u00e9 sv\u00e9 nejlep\u0161\u00ed kousky, mo\u017en\u00e1 i trofeje z v\u00fdstav a sout\u011b\u017e\u00ed, pro\u010d se jimi nechlubit, kdy\u017e zvednou va\u0161i presti\u017e v o\u010d\u00edch z\u00e1kazn\u00edka? V takov\u00fdch reprezentativn\u00edch prostor\u00e1ch mus\u00ed b\u00fdt v\u0161e nale\u0161t\u011bn\u00e9 a p\u0159ichystan\u00e9 i na ne\u010dekanou n\u00e1v\u0161t\u011bvu. A kdo takov\u00fd dokonal\u00fd \u00faklid zajist\u00ed?No jedin\u011b profesion\u00e1ln\u00ed \u00faklidov\u00e1 firma, jako je t\u0159eba Modr\u00fd \u017eralok, kter\u00e1 nab\u00edz\u00ed \u00faklid kancel\u00e1\u0159\u00ed Praha 1, a nejen tam. Uklizen\u00e1 kancel\u00e1\u0159, to nen\u00ed z\u00e1le\u017eitost toho, kdo v kancel\u00e1\u0159i pracuje, ten si samoz\u0159ejm\u011b udr\u017euje jen po\u0159\u00e1dek na sv\u00e9m vlastn\u00edm stole, ale prach na sk\u0159\u00ed\u0148k\u00e1ch, polic\u00edch, vyluxovan\u00fd koberec \u010di vyt\u0159en\u00e1 podlaha, to je pr\u00e1ce pro ukl\u00edze\u010dku nebo p\u0159\u00edmo pro \u00faklidovou firmu. Ke kancel\u00e1\u0159\u00edm v\u011bt\u0161inou p\u0159\u00edslu\u0161\u00ed i soci\u00e1ln\u00ed za\u0159\u00edzen\u00ed a kuchy\u0148ka a tam je tak\u00e9 bezpodm\u00edne\u010dn\u011b nutn\u00fd \u00faklid, kdy\u017e se v n\u00ed st\u0159\u00edda spousta lid\u00ed. Je pot\u0159eba db\u00e1t i na hygienickou \u010distotu. M\u00e1te firmu a db\u00e1te o kvalitu pracovn\u00edho prost\u0159ed\u00ed pro sv\u00e9 zam\u011bstnance? Tak to nesm\u00edte zapom\u00ednat na \u00faklid jejich pracovi\u0161\u0165 a od \u00faklidov\u00e9 firmy vy\u017eadovat stoprocentn\u00ed spolehlivost. Uklizen\u00e1 kancel\u00e1\u0159 = spokojen\u00fd zam\u011bstnanec = kvalitn\u011b odveden\u00e1 pr\u00e1ce.                                                                                                                                                                                                                                                                                                                                                                                          5\/5 - (6 votes)        "},{"@context":"https:\/\/schema.org\/","@type":"BreadcrumbList","itemListElement":[{"@type":"ListItem","position":1,"name":"Kdo by r\u00e1d ukl\u00edzel?","item":"https:\/\/www.jifas.cz\/kdo-by-rad-uklizel\/#breadcrumbitem"}]}]