{"@context":"https:\/\/schema.org\/","@type":"CollectionPage","@id":"https:\/\/www.jifas.cz\/cestovani\/#CollectionPage","headline":"Cestov\u00e1n\u00ed Category","description":"","url":"https:\/\/www.jifas.cz\/cestovani\/","hasPart":[{"@type":"Article","@id":"https:\/\/www.jifas.cz\/atheny\/","headline":"Ath\u00e9ny","url":"https:\/\/www.jifas.cz\/atheny\/","datePublished":"2024-07-30","dateModified":"2024-07-30","mainEntityOfPage":"https:\/\/www.jifas.cz\/atheny\/","author":{"@type":"Person","@id":"https:\/\/www.jifas.cz\/author\/#Person","name":"","url":"https:\/\/www.jifas.cz\/author\/","identifier":1,"image":{"@type":"ImageObject","@id":"https:\/\/secure.gravatar.com\/avatar\/c36ac855b1ee9cce96e09824fb5426d6eaccd04233fbf51e04e067ccd1b5fe13?s=96&d=mm&r=g","url":"https:\/\/secure.gravatar.com\/avatar\/c36ac855b1ee9cce96e09824fb5426d6eaccd04233fbf51e04e067ccd1b5fe13?s=96&d=mm&r=g","height":96,"width":96}},"publisher":{"@type":"Organization","name":"jifas.cz","logo":{"@type":"ImageObject","@id":"\/logo.png","url":"\/logo.png","width":600,"height":60}},"image":{"@type":"ImageObject","@id":"https:\/\/www.jifas.cz\/wp-content\/uploads\/university-5188610_640.jpg","url":"https:\/\/www.jifas.cz\/wp-content\/uploads\/university-5188610_640.jpg","height":0,"width":0},"keywords":null},{"@type":"Article","@id":"https:\/\/www.jifas.cz\/proc-byste-nezkusili-zimni-dovolenou-v-tropickem-raji\/","headline":"Pro\u010d byste nezkusili zimn\u00ed dovolenou v tropick\u00e9m r\u00e1ji?","url":"https:\/\/www.jifas.cz\/proc-byste-nezkusili-zimni-dovolenou-v-tropickem-raji\/","datePublished":"2023-12-14","dateModified":"2023-12-14","mainEntityOfPage":"https:\/\/www.jifas.cz\/proc-byste-nezkusili-zimni-dovolenou-v-tropickem-raji\/","author":{"@type":"Person","@id":"https:\/\/www.jifas.cz\/author\/#Person","name":"","url":"https:\/\/www.jifas.cz\/author\/","identifier":1,"image":{"@type":"ImageObject","@id":"https:\/\/secure.gravatar.com\/avatar\/c36ac855b1ee9cce96e09824fb5426d6eaccd04233fbf51e04e067ccd1b5fe13?s=96&d=mm&r=g","url":"https:\/\/secure.gravatar.com\/avatar\/c36ac855b1ee9cce96e09824fb5426d6eaccd04233fbf51e04e067ccd1b5fe13?s=96&d=mm&r=g","height":96,"width":96}},"publisher":{"@type":"Organization","name":"jifas.cz","logo":{"@type":"ImageObject","@id":"\/logo.png","url":"\/logo.png","width":600,"height":60}},"image":{"@type":"ImageObject","@id":"https:\/\/www.jifas.cz\/wp-content\/uploads\/Pl%C3%A1%C5%BE,%20palmy%20a%20mo%C5%99e.jpg","url":"https:\/\/www.jifas.cz\/wp-content\/uploads\/Pl%C3%A1%C5%BE,%20palmy%20a%20mo%C5%99e.jpg","height":0,"width":0},"keywords":null},{"@type":"Article","@id":"https:\/\/www.jifas.cz\/cestovani-v-zime\/","headline":"Cestov\u00e1n\u00ed v zim\u011b","url":"https:\/\/www.jifas.cz\/cestovani-v-zime\/","datePublished":"2023-12-06","dateModified":"2023-12-06","mainEntityOfPage":"https:\/\/www.jifas.cz\/cestovani-v-zime\/","author":{"@type":"Person","@id":"https:\/\/www.jifas.cz\/author\/#Person","name":"","url":"https:\/\/www.jifas.cz\/author\/","identifier":1,"image":{"@type":"ImageObject","@id":"https:\/\/secure.gravatar.com\/avatar\/c36ac855b1ee9cce96e09824fb5426d6eaccd04233fbf51e04e067ccd1b5fe13?s=96&d=mm&r=g","url":"https:\/\/secure.gravatar.com\/avatar\/c36ac855b1ee9cce96e09824fb5426d6eaccd04233fbf51e04e067ccd1b5fe13?s=96&d=mm&r=g","height":96,"width":96}},"publisher":{"@type":"Organization","name":"jifas.cz","logo":{"@type":"ImageObject","@id":"\/logo.png","url":"\/logo.png","width":600,"height":60}},"image":{"@type":"ImageObject","@id":"https:\/\/www.jifas.cz\/wp-content\/uploads\/road-6935773_1280.jpg","url":"https:\/\/www.jifas.cz\/wp-content\/uploads\/road-6935773_1280.jpg","height":0,"width":0},"keywords":null},{"@type":"Article","@id":"https:\/\/www.jifas.cz\/cestovat-nebo-necestovat-se-svou-polovickou\/","headline":"Cestovat nebo necestovat se svou polovi\u010dkou?","url":"https:\/\/www.jifas.cz\/cestovat-nebo-necestovat-se-svou-polovickou\/","datePublished":"2023-11-28","dateModified":"2024-01-02","mainEntityOfPage":"https:\/\/www.jifas.cz\/cestovat-nebo-necestovat-se-svou-polovickou\/","author":{"@type":"Person","@id":"https:\/\/www.jifas.cz\/author\/#Person","name":"","url":"https:\/\/www.jifas.cz\/author\/","identifier":1,"image":{"@type":"ImageObject","@id":"https:\/\/secure.gravatar.com\/avatar\/c36ac855b1ee9cce96e09824fb5426d6eaccd04233fbf51e04e067ccd1b5fe13?s=96&d=mm&r=g","url":"https:\/\/secure.gravatar.com\/avatar\/c36ac855b1ee9cce96e09824fb5426d6eaccd04233fbf51e04e067ccd1b5fe13?s=96&d=mm&r=g","height":96,"width":96}},"publisher":{"@type":"Organization","name":"jifas.cz","logo":{"@type":"ImageObject","@id":"\/logo.png","url":"\/logo.png","width":600,"height":60}},"image":{"@type":"ImageObject","@id":"https:\/\/www.jifas.cz\/wp-content\/uploads\/adventure-1850912_1280_4.jpg","url":"https:\/\/www.jifas.cz\/wp-content\/uploads\/adventure-1850912_1280_4.jpg","height":0,"width":0},"keywords":null},{"@type":"Article","@id":"https:\/\/www.jifas.cz\/meli-byste-se-dobre-rozmyslet-kam-si-date-dulezite-veci\/","headline":"M\u011bli byste se dob\u0159e rozmyslet, kam si d\u00e1te d\u016fle\u017eit\u00e9 v\u011bci","url":"https:\/\/www.jifas.cz\/meli-byste-se-dobre-rozmyslet-kam-si-date-dulezite-veci\/","datePublished":"2023-04-30","dateModified":"2023-11-30","mainEntityOfPage":"https:\/\/www.jifas.cz\/meli-byste-se-dobre-rozmyslet-kam-si-date-dulezite-veci\/","author":{"@type":"Person","@id":"https:\/\/www.jifas.cz\/author\/#Person","name":"","url":"https:\/\/www.jifas.cz\/author\/","identifier":1,"image":{"@type":"ImageObject","@id":"https:\/\/secure.gravatar.com\/avatar\/c36ac855b1ee9cce96e09824fb5426d6eaccd04233fbf51e04e067ccd1b5fe13?s=96&d=mm&r=g","url":"https:\/\/secure.gravatar.com\/avatar\/c36ac855b1ee9cce96e09824fb5426d6eaccd04233fbf51e04e067ccd1b5fe13?s=96&d=mm&r=g","height":96,"width":96}},"publisher":{"@type":"Organization","name":"jifas.cz","logo":{"@type":"ImageObject","@id":"\/logo.png","url":"\/logo.png","width":600,"height":60}},"image":{"@type":"ImageObject","@id":"https:\/\/www.jifas.cz\/wp-content\/uploads\/globe-trotter-1828079_1280%20(1).jpg","url":"https:\/\/www.jifas.cz\/wp-content\/uploads\/globe-trotter-1828079_1280%20(1).jpg","height":0,"width":0},"keywords":null},{"@type":"Article","@id":"https:\/\/www.jifas.cz\/nejlepsi-vanocni-trhy-v-evrope\/","headline":"Nejlep\u0161\u00ed v\u00e1no\u010dn\u00ed trhy v Evrop\u011b","url":"https:\/\/www.jifas.cz\/nejlepsi-vanocni-trhy-v-evrope\/","datePublished":"2022-12-30","dateModified":"2023-11-30","mainEntityOfPage":"https:\/\/www.jifas.cz\/nejlepsi-vanocni-trhy-v-evrope\/","author":{"@type":"Person","@id":"https:\/\/www.jifas.cz\/author\/#Person","name":"","url":"https:\/\/www.jifas.cz\/author\/","identifier":1,"image":{"@type":"ImageObject","@id":"https:\/\/secure.gravatar.com\/avatar\/c36ac855b1ee9cce96e09824fb5426d6eaccd04233fbf51e04e067ccd1b5fe13?s=96&d=mm&r=g","url":"https:\/\/secure.gravatar.com\/avatar\/c36ac855b1ee9cce96e09824fb5426d6eaccd04233fbf51e04e067ccd1b5fe13?s=96&d=mm&r=g","height":96,"width":96}},"publisher":{"@type":"Organization","name":"jifas.cz","logo":{"@type":"ImageObject","@id":"\/logo.png","url":"\/logo.png","width":600,"height":60}},"image":{"@type":"ImageObject","@id":"https:\/\/www.jifas.cz\/wp-content\/uploads\/cmophoto-net-OEBeLcrzlaw-unsplash.jpg","url":"https:\/\/www.jifas.cz\/wp-content\/uploads\/cmophoto-net-OEBeLcrzlaw-unsplash.jpg","height":0,"width":0},"keywords":null},{"@type":"Article","@id":"https:\/\/www.jifas.cz\/vagabundi-na-cestach\/","headline":"Vagabundi na Cest\u00e1ch","url":"https:\/\/www.jifas.cz\/vagabundi-na-cestach\/","datePublished":"2022-12-24","dateModified":"2023-11-25","mainEntityOfPage":"https:\/\/www.jifas.cz\/vagabundi-na-cestach\/","author":{"@type":"Person","@id":"https:\/\/www.jifas.cz\/author\/#Person","name":"","url":"https:\/\/www.jifas.cz\/author\/","identifier":1,"image":{"@type":"ImageObject","@id":"https:\/\/secure.gravatar.com\/avatar\/c36ac855b1ee9cce96e09824fb5426d6eaccd04233fbf51e04e067ccd1b5fe13?s=96&d=mm&r=g","url":"https:\/\/secure.gravatar.com\/avatar\/c36ac855b1ee9cce96e09824fb5426d6eaccd04233fbf51e04e067ccd1b5fe13?s=96&d=mm&r=g","height":96,"width":96}},"publisher":{"@type":"Organization","name":"jifas.cz","logo":{"@type":"ImageObject","@id":"\/logo.png","url":"\/logo.png","width":600,"height":60}},"image":{"@type":"ImageObject","@id":"https:\/\/www.jifas.cz\/wp-content\/uploads\/jeseniky_1.jpg","url":"https:\/\/www.jifas.cz\/wp-content\/uploads\/jeseniky_1.jpg","height":0,"width":0},"keywords":null}]}